{"id":224907,"date":"2025-07-15T08:32:24","date_gmt":"2025-07-15T07:32:24","guid":{"rendered":"https:\/\/eu.intelligentlabs.org\/koffein-intolerancia-jelek-kockazati-tenyezok\/"},"modified":"2025-09-19T10:04:35","modified_gmt":"2025-09-19T09:04:35","slug":"koffein-intolerancia-jelek-kockazati-tenyezok","status":"publish","type":"post","link":"https:\/\/eu.intelligentlabs.org\/hu-hu\/koffein-intolerancia-jelek-kockazati-tenyezok\/","title":{"rendered":"Koffein Intolerancia: Jelek, Kock\u00e1zati T\u00e9nyez\u0151k stb."},"content":{"rendered":"\n<p>A k\u00e1v\u00e9 ind\u00edtja be a napot emberek milli\u00f3i sz\u00e1m\u00e1ra, de tudtad, hogy egyesek nem toler\u00e1lj\u00e1k a koffeint? M\u00e9g egy kis mennyis\u00e9g\u0171 koffein is izzadt teny\u00e9rhez \u00e9s szapora sz\u00edvver\u00e9shez vezethet! Tudom, teljesen elk\u00e9pzelhetetlen f\u0151leg, ha szereted a k\u00e1v\u00e9t \u00e9s nem tudsz n\u00e9lk\u00fcle \u00e9lni. Teh\u00e1t ma besz\u00e9lj\u00fcnk a koffein intolerancia probl\u00e9m\u00e1j\u00e1r\u00f3l, annak t\u00fcneteir\u0151l, okair\u00f3l \u00e9s arr\u00f3l, hogyan szerezhet\u00fcnk koffeinmentes energi\u00e1t eg\u00e9sz nap.&nbsp;&nbsp;<\/p>\n\n\n\n<h2 class=\"wp-block-heading\"><strong>Mi az 1. sz\u00e1m\u00fa koffeinforr\u00e1s?&nbsp;<\/strong><\/h2>\n\n\n\n<p>A koffein vil\u00e1gszerte emberek milli\u00f3inak term\u00e9szetes stimul\u00e1nsa, aminek <strong>a k\u00e1v\u00e9 a legn\u00e9pszer\u0171bb forr\u00e1sa<\/strong>. A Statista jelent\u00e9se szerint a glob\u00e1lis k\u00e1v\u00e9fogyaszt\u00e1s 166,63 milli\u00f3 60 kg-os zs\u00e1k volt tavaly (<a href=\"https:\/\/eu.intelligentlabs.org\/hu-hu\/koffein-intolerancia-jelek-kockazati-tenyezok\/\">1<\/a>). Ha ezt 1 kilogrammos zs\u00e1kokk\u00e1 alak\u00edtjuk, az egy \u00e9v alatt 9 963 780 000 kilogramm k\u00e1v\u00e9nak felel meg vil\u00e1gszerte. Ez k\u00f6r\u00fclbel\u00fcl 27,3 milli\u00f3 kilogramm k\u00e1v\u00e9t jelentene MINDEN NAP!<\/p>\n\n\n\n<p>Ami azt illeti, hogy mennyi koffein (milligrammban m\u00e9rve) van egy cs\u00e9sze k\u00e1v\u00e9ban, nos, ezt nem k\u00f6nny\u0171 kisz\u00e1m\u00edtani. Egy Google keres\u00e9s j\u00f3 kiindul\u00e1s, de a sz\u00e1mok v\u00e9gs\u0151 soron sok t\u00e9nyez\u0151t\u0151l f\u00fcggenek. Ez mag\u00e1ban foglalja a k\u00e1v\u00e9bab t\u00edpus\u00e1t, a p\u00f6rk\u00f6l\u00e9s t\u00edpus\u00e1t, az elk\u00e9sz\u00edt\u00e9st (f\u0151z\u00e9s, eszpressz\u00f3, instant, stb.) \u00c9s az adag m\u00e9ret\u00e9t (<a href=\"https:\/\/eu.intelligentlabs.org\/hu-hu\/koffein-intolerancia-jelek-kockazati-tenyezok\/\">2<\/a>).<\/p>\n\n\n\n<h2 class=\"wp-block-heading\"><strong>A k\u00e1v\u00e9n k\u00edv\u00fcl milyen m\u00e1s koffein forr\u00e1sok vannak?<\/strong><\/h2>\n\n\n\n<p>A m\u00e1sodik legjelent\u0151sebb koffein forr\u00e1s a <strong>tea<\/strong>. Egy\u00e9b term\u00e9szetes forr\u00e1sok a <strong>csokol\u00e1d\u00e9 <\/strong>(kaka\u00f3babb\u00f3l), a guarana bogy\u00f3k (energiaitalokban haszn\u00e1latosak) \u00e9s a <strong>k\u00f3la di\u00f3f\u00e9l\u00e9k<\/strong> (a k\u00f3la italokban haszn\u00e1lj\u00e1k). M\u00e9g a <strong>\u201ekoffeinmentes\u201d k\u00e1v\u00e9 \u00e9s tea<\/strong> is tartalmaz koffeint, b\u00e1r kis mennyis\u00e9gben (<a href=\"https:\/\/eu.intelligentlabs.org\/hu-hu\/koffein-intolerancia-jelek-kockazati-tenyezok\/\">3<\/a>).<\/p>\n\n\n\n<p>\u00cdme n\u00e9h\u00e1ny lehets\u00e9ges koffein forr\u00e1s:<\/p>\n\n\n\n<ul class=\"wp-block-list\"><li>K\u00e1v\u00e9 \u00e9s tea \u00edz\u0171 p\u00e9k\u00e1ruk \u00e9s desszertek<\/li><li>Energiaitalok<\/li><li>\u00dcd\u00edt\u0151italok<\/li><li>Vitamin kieg\u00e9sz\u00edt\u0151k<\/li><li>N\u00e9h\u00e1ny gy\u00f3gyszer<\/li><\/ul>\n\n\n\n<p>Ha a koffein intolerancia neked is probl\u00e9ma, tart\u00f3zkodj az ilyen term\u00e9kekt\u0151l! N\u00e9zd meg a <a href=\"https:\/\/www.caffeineinformer.com\/the-caffeine-database\" rel=\"noopener\">Caffeine Informer<\/a> \u00e1tfog\u00f3 adatb\u00e1zis\u00e1t &#8211; meglep\u0151dhetsz kedvenc italaid koffeintartalm\u00e1n!<\/p>\n\n\n\n<figure class=\"wp-block-image size-full\"><img loading=\"lazy\" decoding=\"async\" width=\"1200\" height=\"608\" src=\"https:\/\/eu.intelligentlabs.org\/wp-content\/uploads\/2025\/07\/l-intolleranza-alla-caffeina-segnali-fattori-di-rischio-e-come-ottenere-una-sferzata-di-energia-quotidiana-senza-caffeina-01.jpg\" alt=\"r\u00f6vid az \u00e9let, \u00e9lvezd a k\u00e1v\u00e9d\" class=\"wp-image-159306\" srcset=\"https:\/\/eu.intelligentlabs.org\/wp-content\/uploads\/2025\/07\/l-intolleranza-alla-caffeina-segnali-fattori-di-rischio-e-come-ottenere-una-sferzata-di-energia-quotidiana-senza-caffeina-01.jpg 1200w, https:\/\/eu.intelligentlabs.org\/wp-content\/uploads\/2025\/07\/l-intolleranza-alla-caffeina-segnali-fattori-di-rischio-e-come-ottenere-una-sferzata-di-energia-quotidiana-senza-caffeina-01-300x152.jpg 300w, https:\/\/eu.intelligentlabs.org\/wp-content\/uploads\/2025\/07\/l-intolleranza-alla-caffeina-segnali-fattori-di-rischio-e-come-ottenere-una-sferzata-di-energia-quotidiana-senza-caffeina-01-1024x519.jpg 1024w, https:\/\/eu.intelligentlabs.org\/wp-content\/uploads\/2025\/07\/l-intolleranza-alla-caffeina-segnali-fattori-di-rischio-e-come-ottenere-una-sferzata-di-energia-quotidiana-senza-caffeina-01-768x389.jpg 768w, https:\/\/eu.intelligentlabs.org\/wp-content\/uploads\/2025\/07\/l-intolleranza-alla-caffeina-segnali-fattori-di-rischio-e-come-ottenere-una-sferzata-di-energia-quotidiana-senza-caffeina-01-600x304.jpg 600w\" sizes=\"auto, (max-width: 1200px) 100vw, 1200px\" \/><\/figure>\n\n\n\n<h2 class=\"wp-block-heading\"><strong>Mi a k\u00fcl\u00f6nbs\u00e9g a koffein \u00e9rz\u00e9kenys\u00e9g \u00e9s a koffein tolerancia k\u00f6z\u00f6tt?<\/strong><\/h2>\n\n\n\n<p>Mindkett\u0151 szorosan \u00f6sszef\u00fcgg, de vannak m\u00f6g\u00f6ttes k\u00fcl\u00f6nbs\u00e9gek. A genetika szerepet j\u00e1tszik a <strong>koffein \u00e9rz\u00e9kenys\u00e9g<\/strong> ter\u00e9n. Vannak, akik gyorsabban tudj\u00e1k feldolgozni \u00e9s metaboliz\u00e1lni a koffeint, m\u00edg m\u00e1sok lassabban. A koffein \u00e9rz\u00e9kenys\u00e9gnek h\u00e1rom szintje van:<\/p>\n\n\n\n<ul class=\"wp-block-list\"><li><strong>T\u00fal\u00e9rz\u00e9kenys\u00e9g <\/strong>\u2013 az aj\u00e1nlott adagn\u00e1l t\u00f6bbet is elvisel, gond n\u00e9lk\u00fcl. A lakoss\u00e1g k\u00f6r\u00fclbel\u00fcl 10 %-a hordozza azt a g\u00e9nt, amely lehet\u0151v\u00e9 teszi sz\u00e1mukra, hogy nagy mennyis\u00e9g\u0171 koffeint igyon, a kellemetlen mell\u00e9khat\u00e1sok n\u00e9lk\u00fcl (<a href=\"https:\/\/eu.intelligentlabs.org\/hu-hu\/koffein-intolerancia-jelek-kockazati-tenyezok\/\">4<\/a>).<\/li><li><strong>Norm\u00e1l \u00e9rz\u00e9kenys\u00e9g<\/strong> \u2013 ebbe a kateg\u00f3ri\u00e1ba tartozik a legt\u00f6bb ember, m\u00e1s n\u00e9ven az a csoport, akik napi aj\u00e1nlott 400 mg-ot fogyaszthatnak probl\u00e9mamentesen (<a href=\"https:\/\/eu.intelligentlabs.org\/hu-hu\/koffein-intolerancia-jelek-kockazati-tenyezok\/\">5<\/a>).<\/li><li><strong>T\u00fal\u00e9rz\u00e9kenys\u00e9g <\/strong>\u2013 egy\u00e1ltal\u00e1n nem toler\u00e1lj\u00e1k az ide tartoz\u00f3k, \u00e9s azonnal \u00e9rzik a koffein rossz hat\u00e1sait (l\u00e1sd a p\u00e9ld\u00e1kat a k\u00f6vetkez\u0151 r\u00e9szben)<\/li><\/ul>\n\n\n\n<p>M\u00e1sr\u00e9szt a <strong>koffein tolerancia<\/strong> a szervezet id\u0151vel t\u00f6rt\u00e9n\u0151 reakci\u00f3ja a koffeinre. Az emberek \u00e1ltal\u00e1ban z\u00e9r\u00f3 toleranci\u00e1val kezdik, vagyis egy kis adag elegend\u0151 ahhoz, hogy \u00e9rezze a hat\u00e1sokat, p\u00e9ld\u00e1ul az \u00e9bers\u00e9get \u00e9s a koncentr\u00e1l\u00f3k\u00e9pess\u00e9get. Amikor el\u0151sz\u00f6r pr\u00f3b\u00e1lkoznak a koffeinnel, val\u00f3sz\u00edn\u0171leg valami ilyesmin mennek kereszt\u00fcl:<\/p>\n\n\n\n<p>\u201c<em>Wow &#8211; annyira \u00e9lek! V\u00e9gre van energi\u00e1m \u00e9s agyi tisztas\u00e1gom a feladat elv\u00e9gz\u00e9s\u00e9hez!<\/em>\u201d<\/p>\n\n\n\n<p>Teh\u00e1t term\u00e9szetesen a racion\u00e1lis dolog az lenne, ha t\u00f6bbsz\u00f6r is fogyasztan\u00e1nk a koffeint, mert \u00fajra meg akarjuk tapasztalni minden csod\u00e1latos \u201eerej\u00e9t\u201d. Miel\u0151tt r\u00e1j\u00f6nn\u00e9nek, naponta 5 cs\u00e9sze k\u00e1v\u00e9t iszunk, hogy \u201e\u00e9lj\u00fcnk\u201d. <strong>Ez a progressz\u00edv koffein tolerancia m\u0171k\u00f6d\u00e9s k\u00f6zben<\/strong>. Min\u00e9l jobban hozz\u00e1szokik a szervezet a magasabb koffeinszinthez, ann\u00e1l nagyobb a tolerancia (<a href=\"https:\/\/eu.intelligentlabs.org\/hu-hu\/koffein-intolerancia-jelek-kockazati-tenyezok\/\">6<\/a>). Pontosabban, a tolerancia akkor alakul ki, ha nagy d\u00f3zisokat visz\u00fcnk be kr\u00f3nikusan, napi 750 mg-1200 mg-os d\u00f3zisban (<a href=\"https:\/\/eu.intelligentlabs.org\/hu-hu\/koffein-intolerancia-jelek-kockazati-tenyezok\/\">7<\/a>).<\/p>\n\n\n\n<h2 class=\"wp-block-heading\"><strong>Mik a koffein\u00e9rz\u00e9kenys\u00e9g t\u00fcnetei?<\/strong><\/h2>\n\n\n\n<p>\u00cdme n\u00e9h\u00e1ny p\u00e9lda az <strong>enyhe t\u00fcnetekre<\/strong>, amelyeket egy koffein\u00e9rz\u00e9keny vagy intoler\u00e1ns szem\u00e9ly tapasztalhat, amikor ezt a szert a megengedett k\u00fcsz\u00f6b\u00e9rt\u00e9k felett fogyasztja (<a href=\"https:\/\/eu.intelligentlabs.org\/hu-hu\/koffein-intolerancia-jelek-kockazati-tenyezok\/\">5<\/a>).<\/p>\n\n\n\n<ul class=\"wp-block-list\"><li>Gyomorront\u00e1s<\/li><li>Gyors pulzus<\/li><li>Szorong\u00e1s<\/li><li>Fejf\u00e1j\u00e1s<\/li><li>H\u00e1nyinger<\/li><li>\u00c1lmatlans\u00e1g<\/li><li>Diszf\u00f3ria (az euf\u00f3ria ellent\u00e9te)<\/li><\/ul>\n\n\n\n<p>M\u00edg ritka, s\u00falyos t\u00fcnetek jelentkezhetnek azokn\u00e1l, akik s\u00falyos betegs\u00e9gben szenvednek, pl. s\u00falyos szorong\u00e1s, sz\u00edv- \u00e9s \u00e9rrendszeri betegs\u00e9gek, m\u00e1jbetegs\u00e9gek, vesebetegs\u00e9gek \u00e9s peptikus fek\u00e9ly (<a href=\"https:\/\/eu.intelligentlabs.org\/hu-hu\/koffein-intolerancia-jelek-kockazati-tenyezok\/\">8<\/a>):<\/p>\n\n\n\n<ul class=\"wp-block-list\"><li>Roham<\/li><li>Hallucin\u00e1ci\u00f3k<\/li><li>Dezorient\u00e1ci\u00f3<\/li><li>Pszich\u00f3zis<\/li><li>Aritmia<\/li><li>Iszk\u00e9mia<\/li><\/ul>\n\n\n\n<p>A kismam\u00e1knak \u00f3vatosan kell elj\u00e1rniuk a koffein bevitel\u00e9vel is, \u00e9s korl\u00e1tozniuk kell napi 200 mg-ra, hogy elker\u00fclj\u00e9k a fent felsorolt t\u00fcnetek b\u00e1rmelyik\u00e9t (<a href=\"https:\/\/eu.intelligentlabs.org\/hu-hu\/koffein-intolerancia-jelek-kockazati-tenyezok\/\">8, 9<\/a>).&nbsp;&nbsp;<\/p>\n\n\n\n<figure class=\"wp-block-image size-full\"><img loading=\"lazy\" decoding=\"async\" width=\"1200\" height=\"604\" src=\"https:\/\/eu.intelligentlabs.org\/wp-content\/uploads\/2025\/08\/2-01.jpg\" alt=\"k\u00e1v\u00e9babok \u00e9s egy cs\u00e9sze k\u00e1v\u00e9\" class=\"wp-image-226709\" srcset=\"https:\/\/eu.intelligentlabs.org\/wp-content\/uploads\/2025\/08\/2-01.jpg 1200w, https:\/\/eu.intelligentlabs.org\/wp-content\/uploads\/2025\/08\/2-01-300x151.jpg 300w, https:\/\/eu.intelligentlabs.org\/wp-content\/uploads\/2025\/08\/2-01-1024x515.jpg 1024w, https:\/\/eu.intelligentlabs.org\/wp-content\/uploads\/2025\/08\/2-01-768x387.jpg 768w, https:\/\/eu.intelligentlabs.org\/wp-content\/uploads\/2025\/08\/2-01-600x302.jpg 600w\" sizes=\"auto, (max-width: 1200px) 100vw, 1200px\" \/><\/figure>\n\n\n\n<h2 class=\"wp-block-heading\"><strong>A koffein \u00e9rz\u00e9kenys\u00e9g ugyanaz, mint a koffein allergia?<\/strong><\/h2>\n\n\n\n<p>Nem, nem ugyanazok. A koffein allergia ritka, de vesz\u00e9lyes lehet. P\u00e9ld\u00e1ul egy fiatal jap\u00e1n n\u0151 anafilaxi\u00e1s sokkot kapott, amikor tudt\u00e1n k\u00edv\u00fcl koffeint tartalmaz\u00f3 \u00e9dess\u00e9get evett (<a href=\"https:\/\/eu.intelligentlabs.org\/hu-hu\/koffein-intolerancia-jelek-kockazati-tenyezok\/\">10<\/a>).<\/p>\n\n\n\n<p>A koffein allergia t\u00fcnetei s\u00falyosak lehetnek (p\u00e9ld\u00e1ul a fent felsoroltak). Ezenk\u00edv\u00fcl m\u00e1s \u00e9telallergi\u00e1hoz hasonl\u00f3 t\u00fcnetek is megjelenhetnek, mint pl. (<a href=\"https:\/\/eu.intelligentlabs.org\/hu-hu\/koffein-intolerancia-jelek-kockazati-tenyezok\/\">11<\/a>):<\/p>\n\n\n\n<ul class=\"wp-block-list\"><li>Arc, a sz\u00e1j, a torok duzzanata<\/li><li>L\u00e9gszomj<\/li><li>Viszket\u0151 v\u00f6r\u00f6s ki\u00fct\u00e9s vagy csal\u00e1nki\u00fct\u00e9s<\/li><li>Viszket\u00e9s vagy bizserg\u00e9s a sz\u00e1jban<\/li><li>H\u00e1ny\u00e1s<\/li><li>Sz\u00e9delg\u00e9s<\/li><\/ul>\n\n\n\n<h2 class=\"wp-block-heading\"><strong>Legy\u0151zhet\u0151 a koffein intolerancia?<\/strong><\/h2>\n\n\n\n<p>Szerencs\u00e9re a koffein intolerancia visszaford\u00edthat\u00f3. De nem lesz gyors \u00e9s egyszer\u0171, k\u00fcl\u00f6n\u00f6sen, ha a koffein f\u00fcgg\u0151j\u00e9v\u00e9 v\u00e1lt\u00e1l. A koffeinf\u00fcgg\u0151s\u00e9g val\u00f3di, \u00e9s a hirtelen le\u00e1ll\u00e1s elvon\u00e1si t\u00fcneteket okozhat. P\u00e9ld\u00e1k az elvon\u00e1si t\u00fcnetekre (<a href=\"https:\/\/eu.intelligentlabs.org\/hu-hu\/koffein-intolerancia-jelek-kockazati-tenyezok\/\">12<\/a>):<\/p>\n\n\n\n<ul class=\"wp-block-list\"><li>Fejf\u00e1j\u00e1s<\/li><li>F\u00e1radts\u00e1g<\/li><li>Ingerl\u00e9kenys\u00e9g<\/li><li>Depresszi\u00f3s hangulat<\/li><li>K\u00f6d\u00f6ss\u00e9g \u00e9rz\u00e9se<\/li><li>Koncentr\u00e1ci\u00f3s neh\u00e9zs\u00e9gek<\/li><\/ul>\n\n\n\n<p>Ezen t\u00fcnetek b\u00e1rmelyik\u00e9nek elker\u00fcl\u00e9se \u00e9rdek\u00e9ben fokozatosan cs\u00f6kkentsd a koffeinbevitelt.&nbsp;&nbsp;<\/p>\n\n\n\n<h2 class=\"wp-block-heading\"><strong>Mi okozhatja a koffein \u00e9rz\u00e9kenys\u00e9get?<\/strong><\/h2>\n\n\n\n<p>Amint azt kor\u00e1bban eml\u00edtett\u00fck, az emberek \u00e1ltal\u00e1ban z\u00e9r\u00f3 toleranci\u00e1val kezdik a koffeint, vagyis egy kis adag elegend\u0151 ahhoz, hogy \u00e9rezz\u00e9k annak hat\u00e1sait. Ezen k\u00edv\u00fcl m\u00e1s kock\u00e1zati t\u00e9nyez\u0151k is vannak a koffein\u00e9rz\u00e9kenys\u00e9g \u00e9s az intolerancia m\u00f6g\u00f6tt. \u00cdme n\u00e9h\u00e1ny lehets\u00e9ges b\u0171n\u00f6s:<\/p>\n\n\n\n<h3 class=\"wp-block-heading\"><strong>1) &nbsp; Nemed<\/strong><\/h3>\n\n\n\n<p><strong>A f\u00e9rfiak lassabban metaboliz\u00e1lj\u00e1k a koffeint,<\/strong> mint a n\u0151k, \u00edgy val\u00f3sz\u00edn\u0171bb, hogy hosszabb ideig tapasztalj\u00e1k a mell\u00e9khat\u00e1sokat. Emiatt a f\u00e9rfiakn\u00e1l nagyobb val\u00f3sz\u00edn\u0171s\u00e9ggel alakul ki koffein intolerancia (<a href=\"https:\/\/eu.intelligentlabs.org\/hu-hu\/koffein-intolerancia-jelek-kockazati-tenyezok\/\">13<\/a>). A <strong>fogamz\u00e1sg\u00e1tl\u00f3 tablett\u00e1kat szed\u0151 n\u0151knek <\/strong>azonban \u00f3vakodniuk kell! Az or\u00e1lis fogamz\u00e1sg\u00e1tl\u00f3k \u00e1ltal termelt szintetikus hormonok lelass\u00edtj\u00e1k a koffein anyagcser\u00e9t, ez\u00e1ltal koffein\u00e9rz\u00e9kenys\u00e9ghez vezetnek (<a href=\"https:\/\/eu.intelligentlabs.org\/hu-hu\/koffein-intolerancia-jelek-kockazati-tenyezok\/\">14<\/a>).<\/p>\n\n\n\n<h3 class=\"wp-block-heading\"><strong>2) &nbsp; G\u00e9njeid<\/strong><\/h3>\n\n\n\n<p>Amint azt kor\u00e1bban eml\u00edtett\u00fck, a lakoss\u00e1g 10 %-a t\u00fal\u00e9rz\u00e9keny a koffeinre a <a href=\"https:\/\/gaz.wiki\/wiki\/hu\/CYP1A2\" rel=\"noopener\">CYP1A2 <\/a>g\u00e9n nagyobb enzimatikus aktivit\u00e1sa miatt (4). Az <strong>alacsony CYP1A2 <\/strong>aktivit\u00e1ssal rendelkez\u0151 emberek \u00e1ltal\u00e1ban t\u00fal\u00e9rz\u00e9kenyek a koffeinre. Ek\u00f6zben az ADORA2A (adenozin A2A receptor) g\u00e9n genetikai vari\u00e1ci\u00f3ja megzavarhatja az alv\u00e1st koffein\u00e9rz\u00e9keny egy\u00e9nekn\u00e9l, de nem a koffeinre nem \u00e9rz\u00e9keny emberekn\u00e9l (<a href=\"https:\/\/eu.intelligentlabs.org\/hu-hu\/koffein-intolerancia-jelek-kockazati-tenyezok\/\">15<\/a>).<\/p>\n\n\n\n<h3 class=\"wp-block-heading\"><strong>3) &nbsp; Gy\u00f3gyszereid<\/strong><\/h3>\n\n\n\n<p>\u00c1ll\u00edt\u00f3lag sz\u00e1mos gy\u00f3gyszer k\u00f6lcs\u00f6nhat\u00e1sba l\u00e9p a koffeinnel, lelass\u00edtja a szervezet anyagcser\u00e9j\u00e9t \u00e9s fokozza a hat\u00e1s\u00e1t. Ez mag\u00e1ban foglalja az olyan gy\u00f3gyszereket, mint a (<a href=\"https:\/\/eu.intelligentlabs.org\/hu-hu\/koffein-intolerancia-jelek-kockazati-tenyezok\/\">16<\/a>):<\/p>\n\n\n\n<ul class=\"wp-block-list\"><li>SSRI-k vagy szelekt\u00edv szerotonin visszav\u00e9tel-g\u00e1tl\u00f3k<\/li><li>Antiaritmi\u00e1s szerek<\/li><li>Antipszichotikumok<\/li><li>Psoralenek<\/li><li>Idrocilamid<\/li><li>Fenilpropanolamin<\/li><li>H\u00f6rg\u0151t\u00e1g\u00edt\u00f3k<\/li><li>Kinolonok<\/li><\/ul>\n\n\n\n<p>Ha ezek b\u00e1rmelyik\u00e9t szedi, besz\u00e9ljen kezel\u0151orvos\u00e1val, ha agg\u00f3dik a koffein k\u00f6lcs\u00f6nhat\u00e1sa \u00e9s mell\u00e9khat\u00e1sai miatt.<\/p>\n\n\n\n<h2 class=\"wp-block-heading\"><strong>Hogyan szerezz\u00fcnk t\u00f6bb energi\u00e1t term\u00e9szetesen, koffein n\u00e9lk\u00fcl?<\/strong><\/h2>\n\n\n\n<figure class=\"wp-block-image size-full\"><img loading=\"lazy\" decoding=\"async\" width=\"1200\" height=\"848\" src=\"https:\/\/eu.intelligentlabs.org\/wp-content\/uploads\/2025\/07\/l-intolleranza-alla-caffeina-segnali-fattori-di-rischio-e-come-ottenere-una-sferzata-di-energia-quotidiana-senza-caffeina-01.png\" alt=\"hogyan juthatsz t\u00f6bb energi\u00e1hoz term\u00e9szetesen, koffein n\u00e9lk\u00fcl\" class=\"wp-image-159320\" srcset=\"https:\/\/eu.intelligentlabs.org\/wp-content\/uploads\/2025\/07\/l-intolleranza-alla-caffeina-segnali-fattori-di-rischio-e-come-ottenere-una-sferzata-di-energia-quotidiana-senza-caffeina-01.png 1200w, https:\/\/eu.intelligentlabs.org\/wp-content\/uploads\/2025\/07\/l-intolleranza-alla-caffeina-segnali-fattori-di-rischio-e-come-ottenere-una-sferzata-di-energia-quotidiana-senza-caffeina-01-300x212.png 300w, https:\/\/eu.intelligentlabs.org\/wp-content\/uploads\/2025\/07\/l-intolleranza-alla-caffeina-segnali-fattori-di-rischio-e-come-ottenere-una-sferzata-di-energia-quotidiana-senza-caffeina-01-1024x724.png 1024w, https:\/\/eu.intelligentlabs.org\/wp-content\/uploads\/2025\/07\/l-intolleranza-alla-caffeina-segnali-fattori-di-rischio-e-come-ottenere-una-sferzata-di-energia-quotidiana-senza-caffeina-01-768x543.png 768w, https:\/\/eu.intelligentlabs.org\/wp-content\/uploads\/2025\/07\/l-intolleranza-alla-caffeina-segnali-fattori-di-rischio-e-come-ottenere-una-sferzata-di-energia-quotidiana-senza-caffeina-01-600x424.png 600w\" sizes=\"auto, (max-width: 1200px) 100vw, 1200px\" \/><\/figure>\n\n\n\n<p>Ak\u00e1r vissza akarod szor\u00edtani a koffeint, ak\u00e1r val\u00f3ban elv\u00e1lnak \u00fatjaitok ezzel az idegrendszeri stimul\u00e1nssal, m\u00e9g mindig lehets\u00e9ges t\u00fal\u00e9lni a napot. \u00cdme n\u00e9h\u00e1ny koffeinmentes energiafokoz\u00f3 tipp, amelyek seg\u00edtenek a koffein intolerancia hat\u00e1sait\u00f3l szenved\u0151knek:<\/p>\n\n\n\n<h3 class=\"wp-block-heading\"><strong>1) &nbsp; Fogyassz t\u00f6bb B-vitaminban gazdag \u00e9telt, k\u00fcl\u00f6n\u00f6sen reggeli k\u00f6zben<\/strong><\/h3>\n\n\n\n<p>A t\u00e1pl\u00e1l\u00f3 \u00e9telek fogyaszt\u00e1sa elengedhetetlen az eg\u00e9szs\u00e9ghez. Ami az energi\u00e1t illeti, a legjobb forr\u00e1s a nyolc B -vitamin: tiamin (B1), riboflavin (B2), niacin (B3), pantot\u00e9nsav (B5), piridoxin (B6), biotin (B7), fol\u00e1t (B9) \u00e9s kobalamin (B12). A B5, B9 \u00e9s B12 vitaminok szint\u00e9n seg\u00edtenek cs\u00f6kkenteni a f\u00e1radts\u00e1got \u00e9s a kimer\u00fclts\u00e9get (<a href=\"https:\/\/eu.intelligentlabs.org\/hu-hu\/koffein-intolerancia-jelek-kockazati-tenyezok\/\">17<\/a>).<\/p>\n\n\n\n<p>\u00cdme egy t\u00e1bl\u00e1zat, amely \u00f6sszefoglalja a B-vitaminok legjobb forr\u00e1sait (<a href=\"https:\/\/eu.intelligentlabs.org\/hu-hu\/koffein-intolerancia-jelek-kockazati-tenyezok\/\">18<\/a>):<\/p>\n\n\n\n<figure class=\"wp-block-table\"><table><tbody><tr><td>Zs\u00edros halak, mint a tonhal \u00e9s a lazac<\/td><td>Bab<\/td><td>Gy\u00fcm\u00f6lcs\u00f6k<\/td><\/tr><tr><td>M\u00e1j \u00e9s vese<\/td><td>Lencse<\/td><td>Tejterm\u00e9kek, p\u00e9ld\u00e1ul tej \u00e9s sajt<\/td><\/tr><tr><td>V\u00f6r\u00f6s h\u00fas<\/td><td>Magvak<\/td><td>Teljes ki\u0151rl\u00e9s\u0171 gabon\u00e1k<\/td><\/tr><tr><td>Sz\u00e1rnyas h\u00fas<\/td><td>Di\u00f3f\u00e9l\u00e9k<\/td><td>Kagyl\u00f3<\/td><\/tr><tr><td>Toj\u00e1s<\/td><td>S\u00f6t\u00e9t level\u0171 z\u00f6lds\u00e9gek<\/td><td>Sz\u00f3ja term\u00e9kek<\/td><\/tr><\/tbody><\/table><\/figure>\n\n\n\n<p>Ha nem juttatsz elegend\u0151 B-vitamint az \u00e9trendedb\u0151l a szervezetedbe, j\u00f3 alternat\u00edv forr\u00e1st jelenthetnek az \u00e9trendkieg\u00e9sz\u00edt\u0151k. N\u00e9zd meg <a href=\"https:\/\/www.intelligentlabs.org\/product\/adult-multivitamin\/\"><strong>Feln\u0151tt Multivitaminunkat<\/strong><\/a> &#8211; 25 alapvet\u0151 vitamint \u00e9s \u00e1sv\u00e1nyi anyagot tartalmaz, bele\u00e9rtve mind a nyolc B-vitamint!\u00a0\u00a0\u00a0<\/p>\n\n\n\n<h3 class=\"wp-block-heading\"><strong>2) &nbsp; Elegend\u0151 min\u0151s\u00e9gi alv\u00e1s \u00e9jszaka<\/strong><\/h3>\n\n\n\n<p>Mindannyian tudjuk, mi t\u00f6rt\u00e9nik, ha nem alszunk eleget \u00e9jszaka. M\u00e1snap izgatottak, f\u00e1radtak \u00e9s ingerl\u00e9kenyek vagyunk. A k\u00e1v\u00e9 \u00e1ltal\u00e1ban seg\u00edt, de ha ker\u00fcl\u00f6d, akkor tegy\u00e9l meg mindent, hogy eleget aludj \u00e9jszaka! A National Sleep Foundation szerint a feln\u0151tteknek legal\u00e1bb 7 \u00f3r\u00e1t kell aludniuk \u00e9jszaka (<a href=\"https:\/\/eu.intelligentlabs.org\/hu-hu\/koffein-intolerancia-jelek-kockazati-tenyezok\/\">19<\/a>).<\/p>\n\n\n\n<h3 class=\"wp-block-heading\"><strong>3) &nbsp; Rendszeres testmozg\u00e1s<\/strong><\/h3>\n\n\n\n<p>Intuit\u00edvnak t\u0171nhet, de a fizikai gyakorlatok n\u00f6velhetik az energi\u00e1t. Rendszeres edz\u00e9ssel magasabb energiaszintre juthatsz \u00e9s kevesebb f\u00e1radts\u00e1g\u00e9rzetre sz\u00e1m\u00edthatsz (<a href=\"https:\/\/eu.intelligentlabs.org\/hu-hu\/koffein-intolerancia-jelek-kockazati-tenyezok\/\">20<\/a>).<\/p>\n\n\n\n<h3 class=\"wp-block-heading\"><strong>4) &nbsp; Maradj hidrat\u00e1lt<\/strong><\/h3>\n\n\n\n<p>A v\u00edz \u00edze nem olyan j\u00f3, mint a k\u00e1v\u00e9 vagy a tea \u00edze, de elengedhetetlen az eg\u00e9szs\u00e9g\u00e9hez. A v\u00edz el\u0151seg\u00edti a m\u00e9reganyagok ki\u00fcr\u00edt\u00e9s\u00e9t, \u00e9s mozg\u00e1sban tartja a dolgokat, hogy ne legyen sz\u00e9kreked\u00e9sed. A testet norm\u00e1l h\u0151m\u00e9rs\u00e9kleten tartja, \u00e9s seg\u00edt meg\u0151rizni az agy, a sz\u00edv, a ves\u00e9k \u00e9s m\u00e1s szervek eg\u00e9szs\u00e9g\u00e9t (<a href=\"https:\/\/eu.intelligentlabs.org\/hu-hu\/koffein-intolerancia-jelek-kockazati-tenyezok\/\">21<\/a>). M\u00e9g az enyhe kisz\u00e1rad\u00e1s is k\u00f6vetkezm\u00e9nyekkel j\u00e1rhat, mint p\u00e9ld\u00e1ul a f\u00e1radts\u00e1g szintj\u00e9nek n\u00f6veked\u00e9se \u00e9s a hangulat lefel\u00e9 ir\u00e1nyul\u00f3 v\u00e1ltoz\u00e1sa (<a href=\"https:\/\/eu.intelligentlabs.org\/hu-hu\/koffein-intolerancia-jelek-kockazati-tenyezok\/\">22<\/a>).<\/p>\n\n\n\n<h3 class=\"wp-block-heading\"><strong>5) &nbsp; Szedj D-vitamint<\/strong><\/h3>\n\n\n\n<p>A D-vitamin vagy az \u00fagynevezett \u201enapf\u00e9ny vitamin\u201d hi\u00e1nya az izomf\u00e1radts\u00e1ghoz kapcsol\u00f3dik. Egy tanulm\u00e1ny meg\u00e1llap\u00edtotta, hogy a f\u00e1radts\u00e1g szintje jelent\u0151sen cs\u00f6kkent 10-12 hetes D-vitamin ter\u00e1pia ut\u00e1n (<a href=\"https:\/\/eu.intelligentlabs.org\/hu-hu\/koffein-intolerancia-jelek-kockazati-tenyezok\/\">23<\/a>).<\/p>\n\n\n\n<p>Sz\u00f3val, hogyan lehet t\u00f6bb D-vitamint bevinni? Nos, a legjobb m\u00f3dszer a napoz\u00e1s. Menj ki a napra legal\u00e1bb hetente k\u00e9tszer, k\u00f6r\u00fclbel\u00fcl 5-30 percre (ezt naponta 10 \u00e9s 16 \u00f3ra k\u00f6z\u00f6tt). Alternat\u00edv megold\u00e1sk\u00e9nt D-vitamint \u00e9lelmiszerekb\u0151l \u00e9s kieg\u00e9sz\u00edt\u0151kb\u0151l is be tudsz vinni (<a href=\"https:\/\/eu.intelligentlabs.org\/hu-hu\/koffein-intolerancia-jelek-kockazati-tenyezok\/\">24<\/a>).<\/p>\n\n\n\n<p>Tov\u00e1bb\u00e1, a <a href=\"https:\/\/www.intelligentlabs.org\/product\/shield-immunity-booster\/\"><strong>SHIELD Immuner\u0151s\u00edt\u0151nk<\/strong><\/a> j\u00f3 D3-vitamin forr\u00e1s. Minden veget\u00e1ri\u00e1nus kapszula 40 mcg D3-vitamint, valamint C-vitamint, cinket, \u00e9s 12 immuner\u0151s\u00edt\u0151 gy\u00f3gyn\u00f6v\u00e9nyt tartalmaz.<\/p>\n\n\n\n<h2 class=\"wp-block-heading\"><strong>Konkl\u00fazi\u00f3<\/strong><\/h2>\n\n\n\n<p>A koffein intolerancia nem len\u00e9zhet\u0151. Ha t\u00fal\u00e9rz\u00e9keny vagy a koffeinre, ker\u00fclj el mindent, ami koffeint tartalmaz. Ha toleranci\u00e1t alak\u00edtott\u00e1l ki, pr\u00f3b\u00e1ld meg cs\u00f6kkenteni a koffeinfogyaszt\u00e1st (ne feledd, a k\u00e1v\u00e9 nem az egyetlen koffeinforr\u00e1s). Most halljuk a t\u00f6rt\u00e9netet a te szemsz\u00f6gedb\u0151l! \u00cdrd meg nek\u00fcnk a hozz\u00e1sz\u00f3l\u00e1sok r\u00e9szben, ha a koffein intolerancia jellemz\u0151 r\u00e1d, \u00e9s hogyan kezeled ezt.<\/p>\n\n\n\n<p>[vc_row el_id=\u201creferences\u201d][vc_column][vc_toggle title=Forr\u00e1sok el_class=\u201cfaqs\u201d]<\/p>\n\n\n\n<p>(1) Statista. \u201cGlob\u00e1lis K\u00e1v\u00e9fogyaszt\u00e1s 2012\/13-2020\/21.\u201d Statista, 4 Feb. 2021, www.statista.com\/statistics\/292595\/global-coffee-consumption.<\/p>\n\n\n\n<p>(2) Bjarnadottir, Adda M. \u201cMennyi Koffein Van Egy Cs\u00e9sze K\u00e1v\u00e9ban? R\u00e9szletes \u00datmutat\u00f3.\u201d Healthline, 3 June 2017, www.healthline.com\/nutrition\/how-much-caffeine-in-coffee.<\/p>\n\n\n\n<p>(3) Heckman, Melanie A et al. \u201cKoffein (1, 3, 7-trimetilxantin) az \u00e9lelmiszerekben: \u00e1tfog\u00f3 \u00e1ttekint\u00e9s a fogyaszt\u00e1sr\u00f3l, a funkcionalit\u00e1sr\u00f3l, a biztons\u00e1gr\u00f3l \u00e9s a szab\u00e1lyoz\u00e1si k\u00e9rd\u00e9sekr\u0151l.\u201d Journal of food science vol. 75,3 (2010): R77-87. doi:10.1111\/j.1750-3841.2010.01561.x<\/p>\n\n\n\n<p>(4) Sulem, Patrick, et al. \u201cA CYP1A1 \u2013 CYP1A2 \u00e9s AHR Szekvenciav\u00e1ltoz\u00f3k a K\u00e1v\u00e9fogyaszt\u00e1ssal T\u00e1rsulnak.\u201d Human Molecular Genetics, vol. 20, no. 10, 2011, pp. 2071\u201377. Crossref, doi:10.1093\/hmg\/ddr086.<\/p>\n\n\n\n<p>(5) Office of the Commissioner. \u201cA Bab Ki\u00f6ml\u00e9se: Mennyi a Koffein T\u00fal Sok?\u201d U.S. Food and Drug Administration, 12 Dec. 2018, www.fda.gov\/consumers\/consumer-updates\/spilling-beans-how-much-caffeine-too-much.<\/p>\n\n\n\n<p>(6) Lara, Beatriz et al. \u201cA koffein teljes\u00edtm\u00e9nybeli el\u0151nyeivel szembeni tolerancia id\u0151beli lefoly\u00e1sa.\u201d PloS one vol. 14,1 e0210275. 23 Jan. 2019, doi:10.1371\/journal.pone.0210275<\/p>\n\n\n\n<p>(7) Meredith, Steven E et al. \u201cKoffeinhaszn\u00e1lati Zavar: \u00c1tfog\u00f3 Fel\u00fclvizsg\u00e1lati \u00e9s Kutat\u00e1si Agenda.\u201d Journal of caffeine research vol. 3,3 (2013): 114-130. doi:10.1089\/jcr.2013.0016<\/p>\n\n\n\n<p>(8) Evans J, Richards JR, Battisti AS. Koffein. [Updated 2020 Dec 2]. In: StatPearls [Internet]. Treasure Island (FL): StatPearls Publishing; 2021 Jan-. El\u00e9rhet\u0151: https:\/\/www.ncbi.nlm.nih.gov\/books\/NBK519490\/<\/p>\n\n\n\n<p>(9) \u201cACOG CommitteeOpinion No. 462: M\u00e9rs\u00e9kelt koffeinfogyaszt\u00e1s terhess\u00e9g alatt.\u201d Obstetrics and gynecology vol. 116,2 Pt 1 (2010): 467-468. doi:10.1097\/AOG.0b013e3181eeb2a1<\/p>\n\n\n\n<p>(10) Sugiyama, Kumiya et al. \u201cAnafilaxia a koffein miatt.\u201d Asia Pacific allergy vol. 5,1 (2015): 55-6. doi:10.5415\/apallergy.2015.5.1.55<\/p>\n\n\n\n<p>(11) Higuera, Valencia. \u201cKoffein Allergia.\u201d Healthline, 3 Oct. 2018, www.healthline.com\/health\/allergies\/caffeine-allergy.<\/p>\n\n\n\n<p>(12) Sajadi-Ernazarova KR, Anderson J, Dhakal A, et al. Koffein Visszavon\u00e1sa. [Friss\u00edtve 2020 Nov 10]. In: StatPearls [Internet]. Treasure Island (FL): StatPearls Publishing; 2021 Jan-. El\u00e9rhet\u0151: https:\/\/www.ncbi.nlm.nih.gov\/books\/NBK430790\/<\/p>\n\n\n\n<p>(13) Adan, Ana, et al. \u201cA Koffeintartalm\u00fa \u00e9s Koffeinmentes K\u00e1v\u00e9 Korai Hat\u00e1sai a Szubjekt\u00edv \u00c1llapotokra \u00e9s a Nemek K\u00f6z\u00f6tti K\u00fcl\u00f6nbs\u00e9gekre.\u201d Progress in Neuro-Psychopharmacology and Biological Psychiatry, vol. 32, no. 7, 2008, pp. 1698\u2013703. Crossref, doi:10.1016\/j.pnpbp.2008.07.005.<\/p>\n\n\n\n<p>(14) Ribeiro-Alves, Mirna A et al. \u201cAz or\u00e1lis fogamz\u00e1sg\u00e1tl\u00f3k alkalmaz\u00e1sa tomp\u00edtja a koffein kalciurikus hat\u00e1s\u00e1t fiatal feln\u0151tt n\u0151kben.\u201d The Journal of nutrition vol. 133,2 (2003): 393-8. doi:10.1093\/jn\/133.2.393<\/p>\n\n\n\n<p>(15) R\u00e9tey, J V et al. \u201cAz adenozin A2A receptor g\u00e9n (ADORA2A) genetikai vari\u00e1ci\u00f3ja hozz\u00e1j\u00e1rul az egy\u00e9ni \u00e9rz\u00e9kenys\u00e9ghez az alv\u00e1s koffeinhat\u00e1sai ir\u00e1nt.\u201d Clinical pharmacology and therapeutics vol. 81,5 (2007): 692-8. doi:10.1038\/sj.clpt.6100102<\/p>\n\n\n\n<p>(16) Carrillo, J A, and J Benitez. \u201cKlinikailag jelent\u0151s farmakokinetikai k\u00f6lcs\u00f6nhat\u00e1sok az \u00e9trendi koffein \u00e9s a gy\u00f3gyszerek k\u00f6z\u00f6tt.\u201d Clinical pharmacokinetics vol. 39,2 (2000): 127-53. doi:10.2165\/00003088-200039020-00004<\/p>\n\n\n\n<p>(17) \u201cT\u00e1pl\u00e1lkoz\u00e1si \u00e9s Eg\u00e9szs\u00e9g\u00fcgyi \u00c1ll\u00edt\u00e1sok.\u201d Food Safety \u2013 European Commission, 2 Oct. 2020, ec.europa.eu\/food\/safety\/labelling_nutrition\/claims_en.<\/p>\n\n\n\n<p>(18) Cronkleton, Emily. \u201cMi\u00e9rt Fontos a B-Vitamin Komplex, \u00e9s Hol Szerezhetem Be?\u201d Healthline, 29 Mar. 2019, www.healthline.com\/health\/food-nutrition\/vitamin-b-complex.<\/p>\n\n\n\n<p>(19) Hirshkowitz, Max et al. \u201cA National Sleep Foundation alv\u00e1si id\u0151tartam\u00e1ra vonatkoz\u00f3 aj\u00e1nl\u00e1sok: m\u00f3dszertan \u00e9s eredm\u00e9nyek \u00f6sszefoglal\u00e1sa.\u201d Sleep health vol. 1,1 (2015): 40-43. doi:10.1016\/j.sleh.2014.12.010<\/p>\n\n\n\n<p>(20) Puetz, Timothy W et al. \u201cA kr\u00f3nikus testmozg\u00e1s hat\u00e1sa az energia- \u00e9s f\u00e1radts\u00e1g\u00e9rzetre: mennyis\u00e9gi szint\u00e9zis.\u201d Psychological bulletin vol. 132,6 (2006): 866-76. doi:10.1037\/0033-2909.132.6.866<\/p>\n\n\n\n<p>(21) \u201cMi T\u00f6rt\u00e9nik a Testeddel, Ha El\u00e9g Vizet Iszol?\u201d WebMD, 2020, www.webmd.com\/a-to-z-guides\/ss\/slideshow-drink-enough-water.<\/p>\n\n\n\n<p>(22) Armstrong, Lawrence E., et al. \u201cAz Enyhe Kisz\u00e1rad\u00e1s Befoly\u00e1solja az Eg\u00e9szs\u00e9ges Fiatal N\u0151k Hangulat\u00e1t.\u201d The Journal of Nutrition, vol. 142, no. 2, 2011, pp. 382\u201388. Crossref, doi:10.3945\/jn.111.142000.<\/p>\n\n\n\n<p>(23) Sinha, Akash, et al. \u201cA D-Vitamin Hi\u00e1nyos Feln\u0151ttek D-Vitamin \u00c1llapot\u00e1nak Jav\u00edt\u00e1sa \u00d6sszef\u00fcgg\u00e9sben Van a V\u00e1zizomzat Mitokondri\u00e1lis Oxidat\u00edv Funkci\u00f3j\u00e1nak Javul\u00e1s\u00e1val.\u201d Endocrine Abstracts, 2013, p. 1. Crossref, doi:10.1530\/endoabs.31.oc1.6.<\/p>\n\n\n\n<p>(24) \u201c\u00c9trendkieg\u00e9sz\u00edt\u0151k Irod\u00e1ja \u2013 D-Vitamin.\u201d National Institutes of Health, 2021, ods.od.nih.gov\/factsheets\/VitaminD-HealthProfessional.<\/p>\n\n\n\n[\/vc_toggle][\/vc_column][\/vc_row]\n","protected":false},"excerpt":{"rendered":"<p>A k\u00e1v\u00e9 ind\u00edtja be a napot emberek milli\u00f3i sz\u00e1m\u00e1ra, de tudtad, hogy egyesek nem toler\u00e1lj\u00e1k a koffeint? M\u00e9g egy kis mennyis\u00e9g\u0171 koffein is izzadt teny\u00e9rhez \u00e9s szapora sz\u00edvver\u00e9shez vezethet! Tudom, teljesen elk\u00e9pzelhetetlen f\u0151leg, ha szereted a k\u00e1v\u00e9t \u00e9s nem tudsz n\u00e9lk\u00fcle \u00e9lni. Teh\u00e1t ma besz\u00e9lj\u00fcnk a koffein intolerancia probl\u00e9m\u00e1j\u00e1r\u00f3l, annak t\u00fcneteir\u0151l, okair\u00f3l \u00e9s arr\u00f3l, hogyan&#8230;<\/p>\n","protected":false},"author":2,"featured_media":159298,"comment_status":"closed","ping_status":"closed","sticky":false,"template":"","format":"standard","meta":{"_kad_blocks_custom_css":"","_kad_blocks_head_custom_js":"","_kad_blocks_body_custom_js":"","_kad_blocks_footer_custom_js":"","_kad_post_transparent":"","_kad_post_title":"","_kad_post_layout":"","_kad_post_sidebar_id":"","_kad_post_content_style":"","_kad_post_vertical_padding":"","_kad_post_feature":"","_kad_post_feature_position":"","_kad_post_header":false,"_kad_post_footer":false,"_kad_post_classname":"","footnotes":""},"categories":[2640],"tags":[2672,2660],"coauthors":[],"class_list":["post-224907","post","type-post","status-publish","format-standard","has-post-thumbnail","hentry","category-taplalkozas","tag-koffein","tag-teljesitmeny"],"taxonomy_info":{"category":[{"value":2640,"label":"T\u00e1pl\u00e1lkoz\u00e1s"}],"post_tag":[{"value":2672,"label":"Koffein"},{"value":2660,"label":"teljes\u00edtm\u00e9ny"}]},"featured_image_src_large":["https:\/\/eu.intelligentlabs.org\/wp-content\/uploads\/2025\/07\/l-intolleranza-alla-caffeina-segnali-fattori-di-rischio-e-come-ottenere-una-sferzata-di-energia-quotidiana-senza-caffeina-04-1024x527.jpg",1024,527,true],"author_info":{"display_name":"David Pashley","author_link":"https:\/\/eu.intelligentlabs.org\/hu-hu\/author\/david\/"},"comment_info":0,"category_info":[{"term_id":2640,"name":"T\u00e1pl\u00e1lkoz\u00e1s","slug":"taplalkozas","term_group":0,"term_taxonomy_id":2640,"taxonomy":"category","description":"","parent":0,"count":56,"filter":"raw","cat_ID":2640,"category_count":56,"category_description":"","cat_name":"T\u00e1pl\u00e1lkoz\u00e1s","category_nicename":"taplalkozas","category_parent":0}],"tag_info":[{"term_id":2672,"name":"Koffein","slug":"koffein","term_group":0,"term_taxonomy_id":2672,"taxonomy":"post_tag","description":"","parent":0,"count":1,"filter":"raw"},{"term_id":2660,"name":"teljes\u00edtm\u00e9ny","slug":"teljesitmeny","term_group":0,"term_taxonomy_id":2660,"taxonomy":"post_tag","description":"","parent":0,"count":3,"filter":"raw"}],"wpml":{"language":"hu-hu","is_original":false,"original_post_id":161924,"translations":{"bg-bg":{"id":225763,"language":"bg-bg","is_original":false},"cs-cz":{"id":220252,"language":"cs-cz","is_original":false},"da-dk":{"id":222476,"language":"da-dk","is_original":false},"de-at":{"id":170860,"language":"de-at","is_original":false},"de-de":{"id":74619,"language":"de-de","is_original":false},"el-cy":{"id":229287,"language":"el-cy","is_original":false},"el-gr":{"id":228424,"language":"el-gr","is_original":false},"en-gb":{"id":161924,"language":"en-gb","is_original":true},"en-ie":{"id":164589,"language":"en-ie","is_original":false},"en-mt":{"id":165724,"language":"en-mt","is_original":false},"fi-fi":{"id":238658,"language":"fi-fi","is_original":false},"fr-fr":{"id":129393,"language":"fr-fr","is_original":false},"hu-hu":{"id":224907,"language":"hu-hu","is_original":false},"it-it":{"id":74583,"language":"it-it","is_original":false},"lt-lt":{"id":234888,"language":"lt-lt","is_original":false},"nl-be":{"id":217698,"language":"nl-be","is_original":false},"nl-nl":{"id":171505,"language":"nl-nl","is_original":false},"pl-pl":{"id":188326,"language":"pl-pl","is_original":false},"pt-pt":{"id":168785,"language":"pt-pt","is_original":false},"ro-ro":{"id":237591,"language":"ro-ro","is_original":false},"sk-sk":{"id":238824,"language":"sk-sk","is_original":false},"sl-si":{"id":239006,"language":"sl-si","is_original":false},"sv-se":{"id":223187,"language":"sv-se","is_original":false}}},"_links":{"self":[{"href":"https:\/\/eu.intelligentlabs.org\/hu-hu\/wp-json\/wp\/v2\/posts\/224907","targetHints":{"allow":["GET"]}}],"collection":[{"href":"https:\/\/eu.intelligentlabs.org\/hu-hu\/wp-json\/wp\/v2\/posts"}],"about":[{"href":"https:\/\/eu.intelligentlabs.org\/hu-hu\/wp-json\/wp\/v2\/types\/post"}],"author":[{"embeddable":true,"href":"https:\/\/eu.intelligentlabs.org\/hu-hu\/wp-json\/wp\/v2\/users\/2"}],"replies":[{"embeddable":true,"href":"https:\/\/eu.intelligentlabs.org\/hu-hu\/wp-json\/wp\/v2\/comments?post=224907"}],"version-history":[{"count":1,"href":"https:\/\/eu.intelligentlabs.org\/hu-hu\/wp-json\/wp\/v2\/posts\/224907\/revisions"}],"predecessor-version":[{"id":241490,"href":"https:\/\/eu.intelligentlabs.org\/hu-hu\/wp-json\/wp\/v2\/posts\/224907\/revisions\/241490"}],"wp:featuredmedia":[{"embeddable":true,"href":"https:\/\/eu.intelligentlabs.org\/hu-hu\/wp-json\/wp\/v2\/media\/159298"}],"wp:attachment":[{"href":"https:\/\/eu.intelligentlabs.org\/hu-hu\/wp-json\/wp\/v2\/media?parent=224907"}],"wp:term":[{"taxonomy":"category","embeddable":true,"href":"https:\/\/eu.intelligentlabs.org\/hu-hu\/wp-json\/wp\/v2\/categories?post=224907"},{"taxonomy":"post_tag","embeddable":true,"href":"https:\/\/eu.intelligentlabs.org\/hu-hu\/wp-json\/wp\/v2\/tags?post=224907"},{"taxonomy":"author","embeddable":true,"href":"https:\/\/eu.intelligentlabs.org\/hu-hu\/wp-json\/wp\/v2\/coauthors?post=224907"}],"curies":[{"name":"wp","href":"https:\/\/api.w.org\/{rel}","templated":true}]}}